{"id":3334,"date":"2018-10-09T11:55:00","date_gmt":"2018-10-09T09:55:00","guid":{"rendered":"https:\/\/new.fecupral.sk\/?p=3334"},"modified":"2025-01-03T14:28:57","modified_gmt":"2025-01-03T13:28:57","slug":"they-wrote-about-us-the-first-bike-sharing-will-soon-also-work-in-presov","status":"publish","type":"post","link":"https:\/\/fecupral.sk\/en\/napisali-o-nas-prve-zdielanie-bicyklov-bude-coskoro-fungovat-aj-v-presove\/","title":{"rendered":"[NAP\u00cdSALI O N\u00c1S] Prv\u00e9 zdie\u013eanie bicyklov bude \u010doskoro fungova\u0165 aj v Pre\u0161ove"},"content":{"rendered":"<div data-elementor-type=\"wp-post\" data-elementor-id=\"3334\" class=\"elementor elementor-3334\" data-elementor-settings=\"{&quot;ha_cmc_init_switcher&quot;:&quot;no&quot;}\" data-elementor-post-type=\"post\">\n\t\t\t\t<div class=\"elementor-element elementor-element-b491a9c e-flex e-con-boxed e-con e-parent\" data-id=\"b491a9c\" data-element_type=\"container\" data-e-type=\"container\" data-settings=\"{&quot;_ha_eqh_enable&quot;:false}\">\n\t\t\t\t\t<div class=\"e-con-inner\">\n\t\t\t\t<div class=\"elementor-element elementor-element-83a20c6 elementor-widget elementor-widget-text-editor\" data-id=\"83a20c6\" data-element_type=\"widget\" data-e-type=\"widget\" data-widget_type=\"text-editor.default\">\n\t\t\t\t<div class=\"elementor-widget-container\">\n\t\t\t\t\t\t\t\t\t<section class=\"elementor-section elementor-top-section elementor-element elementor-element-59ac55e elementor-section-boxed elementor-section-height-default elementor-section-height-default\" data-id=\"59ac55e\" data-element_type=\"section\">The community project counts on the involvement of people and <strong>Lending will be done on the basis of good works.<\/strong><\/section><section data-id=\"59ac55e\" data-element_type=\"section\"><\/section>\t\t\t\t\t\t\t\t<\/div>\n\t\t\t\t<\/div>\n\t\t\t\t<div class=\"elementor-element elementor-element-156cdb3 elementor-widget elementor-widget-text-editor\" data-id=\"156cdb3\" data-element_type=\"widget\" data-e-type=\"widget\" data-widget_type=\"text-editor.default\">\n\t\t\t\t<div class=\"elementor-widget-container\">\n\t\t\t\t\t\t\t\t\t<section class=\"elementor-section elementor-top-section elementor-element elementor-element-59ac55e elementor-section-boxed elementor-section-height-default elementor-section-height-default\" data-id=\"59ac55e\" data-element_type=\"section\"><strong>THE FULL ARTICLE CAN BE FOUND<\/strong> <span style=\"color: #b1ca29;\"><strong><a style=\"color: #b1ca29;\" href=\"https:\/\/presov.korzar.sme.sk\/c\/20932494\/prve-zdielanie-bicyklov-bude-coskoro-fungovat-aj-v-presove.html\" target=\"_blank\" rel=\"noopener\">TU &gt;&gt;<\/a><\/strong><\/span><\/section>\t\t\t\t\t\t\t\t<\/div>\n\t\t\t\t<\/div>\n\t\t\t\t\t<\/div>\n\t\t\t\t<\/div>\n\t\t\t\t<\/div>","protected":false},"excerpt":{"rendered":"<p>The non-profit organisation Greencubator is about to introduce shared bikes to the city of Pre\u0161ov.<\/p>","protected":false},"author":2,"featured_media":3142,"comment_status":"open","ping_status":"open","sticky":false,"template":"","format":"standard","meta":{"footnotes":""},"categories":[1],"tags":[],"class_list":["post-3334","post","type-post","status-publish","format-standard","has-post-thumbnail","hentry","category-nezaradene"],"yoast_head":"<!-- This site is optimized with the Yoast SEO plugin v27.4 - https:\/\/yoast.com\/product\/yoast-seo-wordpress\/ -->\n<title>[NAP\u00cdSALI O N\u00c1S] Prv\u00e9 zdie\u013eanie bicyklov bude \u010doskoro fungova\u0165 aj v Pre\u0161ove - FECUPRAL, spol. s r.o.<\/title>\n<meta name=\"robots\" content=\"index, follow, max-snippet:-1, max-image-preview:large, max-video-preview:-1\" \/>\n<link rel=\"canonical\" href=\"https:\/\/fecupral.sk\/en\/they-wrote-about-us-the-first-bike-sharing-will-soon-also-work-in-presov\/\" \/>\n<meta property=\"og:locale\" content=\"en_US\" \/>\n<meta property=\"og:type\" content=\"article\" \/>\n<meta property=\"og:title\" content=\"[NAP\u00cdSALI O N\u00c1S] Prv\u00e9 zdie\u013eanie bicyklov bude \u010doskoro fungova\u0165 aj v Pre\u0161ove - FECUPRAL, spol. s r.o.\" \/>\n<meta property=\"og:description\" content=\"Neziskov\u00e1 organiz\u00e1cia Greencubator sa chyst\u00e1 zavies\u0165 zdie\u013ean\u00e9 bicykle do mesta Pre\u0161ov.\" \/>\n<meta property=\"og:url\" content=\"https:\/\/fecupral.sk\/en\/they-wrote-about-us-the-first-bike-sharing-will-soon-also-work-in-presov\/\" \/>\n<meta property=\"og:site_name\" content=\"FECUPRAL, spol. s r.o.\" \/>\n<meta property=\"article:published_time\" content=\"2018-10-09T09:55:00+00:00\" \/>\n<meta property=\"article:modified_time\" content=\"2025-01-03T13:28:57+00:00\" \/>\n<meta property=\"og:image\" content=\"https:\/\/fecupral.sk\/wp-content\/uploads\/2025\/01\/tim.jpg\" \/>\n\t<meta property=\"og:image:width\" content=\"660\" \/>\n\t<meta property=\"og:image:height\" content=\"371\" \/>\n\t<meta property=\"og:image:type\" content=\"image\/jpeg\" \/>\n<meta name=\"author\" content=\"mirka_admin\" \/>\n<meta name=\"twitter:card\" content=\"summary_large_image\" \/>\n<meta name=\"twitter:label1\" content=\"Written by\" \/>\n\t<meta name=\"twitter:data1\" content=\"mirka_admin\" \/>\n<script type=\"application\/ld+json\" class=\"yoast-schema-graph\">{\"@context\":\"https:\\\/\\\/schema.org\",\"@graph\":[{\"@type\":\"Article\",\"@id\":\"https:\\\/\\\/fecupral.sk\\\/napisali-o-nas-prve-zdielanie-bicyklov-bude-coskoro-fungovat-aj-v-presove\\\/#article\",\"isPartOf\":{\"@id\":\"https:\\\/\\\/fecupral.sk\\\/napisali-o-nas-prve-zdielanie-bicyklov-bude-coskoro-fungovat-aj-v-presove\\\/\"},\"author\":{\"name\":\"mirka_admin\",\"@id\":\"https:\\\/\\\/fecupral.sk\\\/#\\\/schema\\\/person\\\/4162064c55bc82c3ef966b0256a31d91\"},\"headline\":\"[NAP\u00cdSALI O N\u00c1S] Prv\u00e9 zdie\u013eanie bicyklov bude \u010doskoro fungova\u0165 aj v Pre\u0161ove\",\"datePublished\":\"2018-10-09T09:55:00+00:00\",\"dateModified\":\"2025-01-03T13:28:57+00:00\",\"mainEntityOfPage\":{\"@id\":\"https:\\\/\\\/fecupral.sk\\\/napisali-o-nas-prve-zdielanie-bicyklov-bude-coskoro-fungovat-aj-v-presove\\\/\"},\"wordCount\":46,\"commentCount\":0,\"publisher\":{\"@id\":\"https:\\\/\\\/fecupral.sk\\\/#organization\"},\"image\":{\"@id\":\"https:\\\/\\\/fecupral.sk\\\/napisali-o-nas-prve-zdielanie-bicyklov-bude-coskoro-fungovat-aj-v-presove\\\/#primaryimage\"},\"thumbnailUrl\":\"https:\\\/\\\/fecupral.sk\\\/wp-content\\\/uploads\\\/2025\\\/01\\\/tim.jpg\",\"articleSection\":[\"Nezaraden\u00e9\"],\"inLanguage\":\"en-US\"},{\"@type\":\"WebPage\",\"@id\":\"https:\\\/\\\/fecupral.sk\\\/napisali-o-nas-prve-zdielanie-bicyklov-bude-coskoro-fungovat-aj-v-presove\\\/\",\"url\":\"https:\\\/\\\/fecupral.sk\\\/napisali-o-nas-prve-zdielanie-bicyklov-bude-coskoro-fungovat-aj-v-presove\\\/\",\"name\":\"[NAP\u00cdSALI O N\u00c1S] Prv\u00e9 zdie\u013eanie bicyklov bude \u010doskoro fungova\u0165 aj v Pre\u0161ove - FECUPRAL, spol. s r.o.\",\"isPartOf\":{\"@id\":\"https:\\\/\\\/fecupral.sk\\\/#website\"},\"primaryImageOfPage\":{\"@id\":\"https:\\\/\\\/fecupral.sk\\\/napisali-o-nas-prve-zdielanie-bicyklov-bude-coskoro-fungovat-aj-v-presove\\\/#primaryimage\"},\"image\":{\"@id\":\"https:\\\/\\\/fecupral.sk\\\/napisali-o-nas-prve-zdielanie-bicyklov-bude-coskoro-fungovat-aj-v-presove\\\/#primaryimage\"},\"thumbnailUrl\":\"https:\\\/\\\/fecupral.sk\\\/wp-content\\\/uploads\\\/2025\\\/01\\\/tim.jpg\",\"datePublished\":\"2018-10-09T09:55:00+00:00\",\"dateModified\":\"2025-01-03T13:28:57+00:00\",\"breadcrumb\":{\"@id\":\"https:\\\/\\\/fecupral.sk\\\/napisali-o-nas-prve-zdielanie-bicyklov-bude-coskoro-fungovat-aj-v-presove\\\/#breadcrumb\"},\"inLanguage\":\"en-US\",\"potentialAction\":[{\"@type\":\"ReadAction\",\"target\":[\"https:\\\/\\\/fecupral.sk\\\/napisali-o-nas-prve-zdielanie-bicyklov-bude-coskoro-fungovat-aj-v-presove\\\/\"]}]},{\"@type\":\"ImageObject\",\"inLanguage\":\"en-US\",\"@id\":\"https:\\\/\\\/fecupral.sk\\\/napisali-o-nas-prve-zdielanie-bicyklov-bude-coskoro-fungovat-aj-v-presove\\\/#primaryimage\",\"url\":\"https:\\\/\\\/fecupral.sk\\\/wp-content\\\/uploads\\\/2025\\\/01\\\/tim.jpg\",\"contentUrl\":\"https:\\\/\\\/fecupral.sk\\\/wp-content\\\/uploads\\\/2025\\\/01\\\/tim.jpg\",\"width\":660,\"height\":371},{\"@type\":\"BreadcrumbList\",\"@id\":\"https:\\\/\\\/fecupral.sk\\\/napisali-o-nas-prve-zdielanie-bicyklov-bude-coskoro-fungovat-aj-v-presove\\\/#breadcrumb\",\"itemListElement\":[{\"@type\":\"ListItem\",\"position\":1,\"name\":\"Domovsk\u00e1 str\u00e1nka\",\"item\":\"https:\\\/\\\/fecupral.sk\\\/\"},{\"@type\":\"ListItem\",\"position\":2,\"name\":\"[NAP\u00cdSALI O N\u00c1S] Prv\u00e9 zdie\u013eanie bicyklov bude \u010doskoro fungova\u0165 aj v Pre\u0161ove\"}]},{\"@type\":\"WebSite\",\"@id\":\"https:\\\/\\\/fecupral.sk\\\/#website\",\"url\":\"https:\\\/\\\/fecupral.sk\\\/\",\"name\":\"FECUPRAL\",\"description\":\"Va\u0161e odpady, na\u0161e rie\u0161enie\",\"publisher\":{\"@id\":\"https:\\\/\\\/fecupral.sk\\\/#organization\"},\"potentialAction\":[{\"@type\":\"SearchAction\",\"target\":{\"@type\":\"EntryPoint\",\"urlTemplate\":\"https:\\\/\\\/fecupral.sk\\\/?s={search_term_string}\"},\"query-input\":{\"@type\":\"PropertyValueSpecification\",\"valueRequired\":true,\"valueName\":\"search_term_string\"}}],\"inLanguage\":\"en-US\"},{\"@type\":\"Organization\",\"@id\":\"https:\\\/\\\/fecupral.sk\\\/#organization\",\"name\":\"FECUPRAL\",\"url\":\"https:\\\/\\\/fecupral.sk\\\/\",\"logo\":{\"@type\":\"ImageObject\",\"inLanguage\":\"en-US\",\"@id\":\"https:\\\/\\\/fecupral.sk\\\/#\\\/schema\\\/logo\\\/image\\\/\",\"url\":\"https:\\\/\\\/fecupral.sk\\\/wp-content\\\/uploads\\\/2025\\\/02\\\/favicon-fecupral.png\",\"contentUrl\":\"https:\\\/\\\/fecupral.sk\\\/wp-content\\\/uploads\\\/2025\\\/02\\\/favicon-fecupral.png\",\"width\":500,\"height\":500,\"caption\":\"FECUPRAL\"},\"image\":{\"@id\":\"https:\\\/\\\/fecupral.sk\\\/#\\\/schema\\\/logo\\\/image\\\/\"}},{\"@type\":\"Person\",\"@id\":\"https:\\\/\\\/fecupral.sk\\\/#\\\/schema\\\/person\\\/4162064c55bc82c3ef966b0256a31d91\",\"name\":\"mirka_admin\",\"image\":{\"@type\":\"ImageObject\",\"inLanguage\":\"en-US\",\"@id\":\"https:\\\/\\\/secure.gravatar.com\\\/avatar\\\/e2d2b153c96523d46b5c0320f580e47717772b2d2b607acb41506a164e046313?s=96&d=mm&r=g\",\"url\":\"https:\\\/\\\/secure.gravatar.com\\\/avatar\\\/e2d2b153c96523d46b5c0320f580e47717772b2d2b607acb41506a164e046313?s=96&d=mm&r=g\",\"contentUrl\":\"https:\\\/\\\/secure.gravatar.com\\\/avatar\\\/e2d2b153c96523d46b5c0320f580e47717772b2d2b607acb41506a164e046313?s=96&d=mm&r=g\",\"caption\":\"mirka_admin\"},\"url\":\"https:\\\/\\\/fecupral.sk\\\/en\\\/author\\\/mirka_admin\\\/\"}]}<\/script>\n<!-- \/ Yoast SEO plugin. -->","yoast_head_json":{"title":"[NAP\u00cdSALI O N\u00c1S] Prv\u00e9 zdie\u013eanie bicyklov bude \u010doskoro fungova\u0165 aj v Pre\u0161ove - FECUPRAL, spol. s r.o.","robots":{"index":"index","follow":"follow","max-snippet":"max-snippet:-1","max-image-preview":"max-image-preview:large","max-video-preview":"max-video-preview:-1"},"canonical":"https:\/\/fecupral.sk\/en\/they-wrote-about-us-the-first-bike-sharing-will-soon-also-work-in-presov\/","og_locale":"en_US","og_type":"article","og_title":"[NAP\u00cdSALI O N\u00c1S] Prv\u00e9 zdie\u013eanie bicyklov bude \u010doskoro fungova\u0165 aj v Pre\u0161ove - FECUPRAL, spol. s r.o.","og_description":"Neziskov\u00e1 organiz\u00e1cia Greencubator sa chyst\u00e1 zavies\u0165 zdie\u013ean\u00e9 bicykle do mesta Pre\u0161ov.","og_url":"https:\/\/fecupral.sk\/en\/they-wrote-about-us-the-first-bike-sharing-will-soon-also-work-in-presov\/","og_site_name":"FECUPRAL, spol. s r.o.","article_published_time":"2018-10-09T09:55:00+00:00","article_modified_time":"2025-01-03T13:28:57+00:00","og_image":[{"width":660,"height":371,"url":"https:\/\/fecupral.sk\/wp-content\/uploads\/2025\/01\/tim.jpg","type":"image\/jpeg"}],"author":"mirka_admin","twitter_card":"summary_large_image","twitter_misc":{"Written by":"mirka_admin"},"schema":{"@context":"https:\/\/schema.org","@graph":[{"@type":"Article","@id":"https:\/\/fecupral.sk\/napisali-o-nas-prve-zdielanie-bicyklov-bude-coskoro-fungovat-aj-v-presove\/#article","isPartOf":{"@id":"https:\/\/fecupral.sk\/napisali-o-nas-prve-zdielanie-bicyklov-bude-coskoro-fungovat-aj-v-presove\/"},"author":{"name":"mirka_admin","@id":"https:\/\/fecupral.sk\/#\/schema\/person\/4162064c55bc82c3ef966b0256a31d91"},"headline":"[NAP\u00cdSALI O N\u00c1S] Prv\u00e9 zdie\u013eanie bicyklov bude \u010doskoro fungova\u0165 aj v Pre\u0161ove","datePublished":"2018-10-09T09:55:00+00:00","dateModified":"2025-01-03T13:28:57+00:00","mainEntityOfPage":{"@id":"https:\/\/fecupral.sk\/napisali-o-nas-prve-zdielanie-bicyklov-bude-coskoro-fungovat-aj-v-presove\/"},"wordCount":46,"commentCount":0,"publisher":{"@id":"https:\/\/fecupral.sk\/#organization"},"image":{"@id":"https:\/\/fecupral.sk\/napisali-o-nas-prve-zdielanie-bicyklov-bude-coskoro-fungovat-aj-v-presove\/#primaryimage"},"thumbnailUrl":"https:\/\/fecupral.sk\/wp-content\/uploads\/2025\/01\/tim.jpg","articleSection":["Nezaraden\u00e9"],"inLanguage":"en-US"},{"@type":"WebPage","@id":"https:\/\/fecupral.sk\/napisali-o-nas-prve-zdielanie-bicyklov-bude-coskoro-fungovat-aj-v-presove\/","url":"https:\/\/fecupral.sk\/napisali-o-nas-prve-zdielanie-bicyklov-bude-coskoro-fungovat-aj-v-presove\/","name":"[NAP\u00cdSALI O N\u00c1S] Prv\u00e9 zdie\u013eanie bicyklov bude \u010doskoro fungova\u0165 aj v Pre\u0161ove - FECUPRAL, spol. s r.o.","isPartOf":{"@id":"https:\/\/fecupral.sk\/#website"},"primaryImageOfPage":{"@id":"https:\/\/fecupral.sk\/napisali-o-nas-prve-zdielanie-bicyklov-bude-coskoro-fungovat-aj-v-presove\/#primaryimage"},"image":{"@id":"https:\/\/fecupral.sk\/napisali-o-nas-prve-zdielanie-bicyklov-bude-coskoro-fungovat-aj-v-presove\/#primaryimage"},"thumbnailUrl":"https:\/\/fecupral.sk\/wp-content\/uploads\/2025\/01\/tim.jpg","datePublished":"2018-10-09T09:55:00+00:00","dateModified":"2025-01-03T13:28:57+00:00","breadcrumb":{"@id":"https:\/\/fecupral.sk\/napisali-o-nas-prve-zdielanie-bicyklov-bude-coskoro-fungovat-aj-v-presove\/#breadcrumb"},"inLanguage":"en-US","potentialAction":[{"@type":"ReadAction","target":["https:\/\/fecupral.sk\/napisali-o-nas-prve-zdielanie-bicyklov-bude-coskoro-fungovat-aj-v-presove\/"]}]},{"@type":"ImageObject","inLanguage":"en-US","@id":"https:\/\/fecupral.sk\/napisali-o-nas-prve-zdielanie-bicyklov-bude-coskoro-fungovat-aj-v-presove\/#primaryimage","url":"https:\/\/fecupral.sk\/wp-content\/uploads\/2025\/01\/tim.jpg","contentUrl":"https:\/\/fecupral.sk\/wp-content\/uploads\/2025\/01\/tim.jpg","width":660,"height":371},{"@type":"BreadcrumbList","@id":"https:\/\/fecupral.sk\/napisali-o-nas-prve-zdielanie-bicyklov-bude-coskoro-fungovat-aj-v-presove\/#breadcrumb","itemListElement":[{"@type":"ListItem","position":1,"name":"Domovsk\u00e1 str\u00e1nka","item":"https:\/\/fecupral.sk\/"},{"@type":"ListItem","position":2,"name":"[NAP\u00cdSALI O N\u00c1S] Prv\u00e9 zdie\u013eanie bicyklov bude \u010doskoro fungova\u0165 aj v Pre\u0161ove"}]},{"@type":"WebSite","@id":"https:\/\/fecupral.sk\/#website","url":"https:\/\/fecupral.sk\/","name":"FECUPRAL","description":"Your waste, our solution","publisher":{"@id":"https:\/\/fecupral.sk\/#organization"},"potentialAction":[{"@type":"SearchAction","target":{"@type":"EntryPoint","urlTemplate":"https:\/\/fecupral.sk\/?s={search_term_string}"},"query-input":{"@type":"PropertyValueSpecification","valueRequired":true,"valueName":"search_term_string"}}],"inLanguage":"en-US"},{"@type":"Organization","@id":"https:\/\/fecupral.sk\/#organization","name":"FECUPRAL","url":"https:\/\/fecupral.sk\/","logo":{"@type":"ImageObject","inLanguage":"en-US","@id":"https:\/\/fecupral.sk\/#\/schema\/logo\/image\/","url":"https:\/\/fecupral.sk\/wp-content\/uploads\/2025\/02\/favicon-fecupral.png","contentUrl":"https:\/\/fecupral.sk\/wp-content\/uploads\/2025\/02\/favicon-fecupral.png","width":500,"height":500,"caption":"FECUPRAL"},"image":{"@id":"https:\/\/fecupral.sk\/#\/schema\/logo\/image\/"}},{"@type":"Person","@id":"https:\/\/fecupral.sk\/#\/schema\/person\/4162064c55bc82c3ef966b0256a31d91","name":"mirka_admin","image":{"@type":"ImageObject","inLanguage":"en-US","@id":"https:\/\/secure.gravatar.com\/avatar\/e2d2b153c96523d46b5c0320f580e47717772b2d2b607acb41506a164e046313?s=96&d=mm&r=g","url":"https:\/\/secure.gravatar.com\/avatar\/e2d2b153c96523d46b5c0320f580e47717772b2d2b607acb41506a164e046313?s=96&d=mm&r=g","contentUrl":"https:\/\/secure.gravatar.com\/avatar\/e2d2b153c96523d46b5c0320f580e47717772b2d2b607acb41506a164e046313?s=96&d=mm&r=g","caption":"mirka_admin"},"url":"https:\/\/fecupral.sk\/en\/author\/mirka_admin\/"}]}},"_links":{"self":[{"href":"https:\/\/fecupral.sk\/en\/wp-json\/wp\/v2\/posts\/3334","targetHints":{"allow":["GET"]}}],"collection":[{"href":"https:\/\/fecupral.sk\/en\/wp-json\/wp\/v2\/posts"}],"about":[{"href":"https:\/\/fecupral.sk\/en\/wp-json\/wp\/v2\/types\/post"}],"author":[{"embeddable":true,"href":"https:\/\/fecupral.sk\/en\/wp-json\/wp\/v2\/users\/2"}],"replies":[{"embeddable":true,"href":"https:\/\/fecupral.sk\/en\/wp-json\/wp\/v2\/comments?post=3334"}],"version-history":[{"count":8,"href":"https:\/\/fecupral.sk\/en\/wp-json\/wp\/v2\/posts\/3334\/revisions"}],"predecessor-version":[{"id":3375,"href":"https:\/\/fecupral.sk\/en\/wp-json\/wp\/v2\/posts\/3334\/revisions\/3375"}],"wp:featuredmedia":[{"embeddable":true,"href":"https:\/\/fecupral.sk\/en\/wp-json\/wp\/v2\/media\/3142"}],"wp:attachment":[{"href":"https:\/\/fecupral.sk\/en\/wp-json\/wp\/v2\/media?parent=3334"}],"wp:term":[{"taxonomy":"category","embeddable":true,"href":"https:\/\/fecupral.sk\/en\/wp-json\/wp\/v2\/categories?post=3334"},{"taxonomy":"post_tag","embeddable":true,"href":"https:\/\/fecupral.sk\/en\/wp-json\/wp\/v2\/tags?post=3334"}],"curies":[{"name":"wp","href":"https:\/\/api.w.org\/{rel}","templated":true}]}}